{"id":8637,"date":"2026-09-03T10:11:55","date_gmt":"2026-09-03T13:11:55","guid":{"rendered":"https:\/\/oabpocosdecaldas.org.br\/?p=8637"},"modified":"2026-09-03T10:12:00","modified_gmt":"2026-09-03T13:12:00","slug":"sala-inteligente-varas-do-trabalaho","status":"publish","type":"post","link":"https:\/\/oabpocosdecaldas.org.br\/index.php\/2026\/09\/03\/sala-inteligente-varas-do-trabalaho\/","title":{"rendered":"Sala Inteligente | Varas do Trabalho"},"content":{"rendered":"\n<p class=\"wp-block-paragraph\">OAB\/MG implanta Sala Inteligente no F\u00f3rum da Justi\u00e7a do Trabalho de Po\u00e7os de Caldas<\/p>\n\n\n\n<p class=\"wp-block-paragraph\">Dando continuidade ao projeto de moderniza\u00e7\u00e3o e otimiza\u00e7\u00e3o do atendimento \u00e0 advocacia em todo o Estado, a OAB\/MG iniciou a implanta\u00e7\u00e3o do sistema Sala Inteligente na sala de apoio localizada no F\u00f3rum da Justi\u00e7a do Trabalho de Po\u00e7os de Caldas.<\/p>\n\n\n\n<p class=\"wp-block-paragraph\">Como funcionar\u00e1 o acesso?<\/p>\n\n\n\n<p class=\"wp-block-paragraph\">A partir da implanta\u00e7\u00e3o do novo sistema, o acesso \u00e0 sala de apoio ser\u00e1 realizado mediante identifica\u00e7\u00e3o obrigat\u00f3ria do advogado ou da advogada, que poder\u00e1 ser feita:<\/p>\n\n\n\n<p class=\"wp-block-paragraph\">Pelo cart\u00e3o f\u00edsico da OAB; ou<br>Pelo documento virtual da OAB\/MG, dispon\u00edvel no celular.<\/p>\n\n\n\n<p class=\"wp-block-paragraph\">Ap\u00f3s a identifica\u00e7\u00e3o, um prestador de servi\u00e7os da Seccional realizar\u00e1 a libera\u00e7\u00e3o remota do acesso, com o destravamento eletr\u00f4nico da porta.<\/p>\n\n\n\n<p class=\"wp-block-paragraph\">Aten\u00e7\u00e3o: n\u00e3o ser\u00e1 permitida a entrada sem a devida identifica\u00e7\u00e3o profissional e o uso da sala dever\u00e1 respeitar o hor\u00e1rio de funcionamento ao p\u00fablico do F\u00f3rum Trabalhista.<\/p>\n\n\n\n<p class=\"wp-block-paragraph\">Durante as pr\u00f3ximas semanas, haver\u00e1 suporte presencial no local para auxiliar a advocacia durante o per\u00edodo de adapta\u00e7\u00e3o ao novo sistema. O acesso, contudo, dever\u00e1 ser realizado obrigatoriamente pelo procedimento de identifica\u00e7\u00e3o, n\u00e3o sendo poss\u00edvel a abertura manual da porta pelo funcion\u00e1rio.<\/p>\n\n\n\n<p class=\"wp-block-paragraph\">A iniciativa busca proporcionar mais autonomia, seguran\u00e7a, praticidade e efici\u00eancia no acesso \u00e0s salas de apoio da OAB\/MG, integrando a advocacia \u00e0s novas solu\u00e7\u00f5es tecnol\u00f3gicas adotadas pela institui\u00e7\u00e3o.<\/p>\n\n\n\n<p class=\"wp-block-paragraph\">D\u00favidas ou esclarecimentos sobre o funcionamento da Sala Inteligente?<\/p>\n\n\n\n<p class=\"wp-block-paragraph\">Subse\u00e7\u00e3o de Po\u00e7os de Caldas: (35) 3722-2877<br>OAB\/MG: salainteligente@oabmg.org.br<\/p>\n\n\n\n<p class=\"wp-block-paragraph\">OAB\/MG: inova\u00e7\u00e3o a servi\u00e7o da advocacia.<\/p>\n","protected":false},"excerpt":{"rendered":"<p>OAB\/MG implanta Sala Inteligente no F\u00f3rum da Justi\u00e7a do Trabalho de Po\u00e7os de Caldas Dando continuidade ao projeto de moderniza\u00e7\u00e3o e otimiza\u00e7\u00e3o do atendimento \u00e0 advocacia em todo o Estado, a OAB\/MG iniciou a implanta\u00e7\u00e3o do sistema Sala Inteligente na sala de apoio localizada no F\u00f3rum da Justi\u00e7a do Trabalho de Po\u00e7os de Caldas. Como [&hellip;]<\/p>\n","protected":false},"author":12,"featured_media":8638,"comment_status":"open","ping_status":"open","sticky":false,"template":"","format":"standard","meta":{"footnotes":""},"categories":[8,5],"tags":[],"class_list":["post-8637","post","type-post","status-publish","format-standard","has-post-thumbnail","hentry","category-destaque","category-noticias"],"_links":{"self":[{"href":"https:\/\/oabpocosdecaldas.org.br\/index.php\/wp-json\/wp\/v2\/posts\/8637","targetHints":{"allow":["GET"]}}],"collection":[{"href":"https:\/\/oabpocosdecaldas.org.br\/index.php\/wp-json\/wp\/v2\/posts"}],"about":[{"href":"https:\/\/oabpocosdecaldas.org.br\/index.php\/wp-json\/wp\/v2\/types\/post"}],"author":[{"embeddable":true,"href":"https:\/\/oabpocosdecaldas.org.br\/index.php\/wp-json\/wp\/v2\/users\/12"}],"replies":[{"embeddable":true,"href":"https:\/\/oabpocosdecaldas.org.br\/index.php\/wp-json\/wp\/v2\/comments?post=8637"}],"version-history":[{"count":2,"href":"https:\/\/oabpocosdecaldas.org.br\/index.php\/wp-json\/wp\/v2\/posts\/8637\/revisions"}],"predecessor-version":[{"id":8640,"href":"https:\/\/oabpocosdecaldas.org.br\/index.php\/wp-json\/wp\/v2\/posts\/8637\/revisions\/8640"}],"wp:featuredmedia":[{"embeddable":true,"href":"https:\/\/oabpocosdecaldas.org.br\/index.php\/wp-json\/wp\/v2\/media\/8638"}],"wp:attachment":[{"href":"https:\/\/oabpocosdecaldas.org.br\/index.php\/wp-json\/wp\/v2\/media?parent=8637"}],"wp:term":[{"taxonomy":"category","embeddable":true,"href":"https:\/\/oabpocosdecaldas.org.br\/index.php\/wp-json\/wp\/v2\/categories?post=8637"},{"taxonomy":"post_tag","embeddable":true,"href":"https:\/\/oabpocosdecaldas.org.br\/index.php\/wp-json\/wp\/v2\/tags?post=8637"}],"curies":[{"name":"wp","href":"https:\/\/api.w.org\/{rel}","templated":true}]}}