{"id":8634,"date":"2026-08-31T14:30:55","date_gmt":"2026-08-31T17:30:55","guid":{"rendered":"https:\/\/oabpocosdecaldas.org.br\/?p=8634"},"modified":"2026-08-31T14:30:55","modified_gmt":"2026-08-31T17:30:55","slug":"iv-webinar-previdenciario","status":"publish","type":"post","link":"https:\/\/oabpocosdecaldas.org.br\/index.php\/2026\/08\/31\/iv-webinar-previdenciario\/","title":{"rendered":"IV Webinar Previdenci\u00e1rio"},"content":{"rendered":"\n<p class=\"wp-block-paragraph\">Nos dias 08 e 09 de setembro, a OAB Po\u00e7os de Caldas promove o IV Webinar Previdenci\u00e1rio, com uma programa\u00e7\u00e3o especial de palestras e debates sobre temas relevantes do Direito Previdenci\u00e1rio.<\/p>\n\n\n\n<p class=\"wp-block-paragraph\">08 e 09 de setembro<br>19h<br>Transmiss\u00e3o on-line e gratuita pelo YouTube<\/p>\n","protected":false},"excerpt":{"rendered":"<p>Nos dias 08 e 09 de setembro, a OAB Po\u00e7os de Caldas promove o IV Webinar Previdenci\u00e1rio, com uma programa\u00e7\u00e3o especial de palestras e debates sobre temas relevantes do Direito Previdenci\u00e1rio. 08 e 09 de setembro19hTransmiss\u00e3o on-line e gratuita pelo YouTube<\/p>\n","protected":false},"author":12,"featured_media":8635,"comment_status":"open","ping_status":"open","sticky":false,"template":"","format":"standard","meta":{"footnotes":""},"categories":[8,5],"tags":[],"class_list":["post-8634","post","type-post","status-publish","format-standard","has-post-thumbnail","hentry","category-destaque","category-noticias"],"_links":{"self":[{"href":"https:\/\/oabpocosdecaldas.org.br\/index.php\/wp-json\/wp\/v2\/posts\/8634","targetHints":{"allow":["GET"]}}],"collection":[{"href":"https:\/\/oabpocosdecaldas.org.br\/index.php\/wp-json\/wp\/v2\/posts"}],"about":[{"href":"https:\/\/oabpocosdecaldas.org.br\/index.php\/wp-json\/wp\/v2\/types\/post"}],"author":[{"embeddable":true,"href":"https:\/\/oabpocosdecaldas.org.br\/index.php\/wp-json\/wp\/v2\/users\/12"}],"replies":[{"embeddable":true,"href":"https:\/\/oabpocosdecaldas.org.br\/index.php\/wp-json\/wp\/v2\/comments?post=8634"}],"version-history":[{"count":1,"href":"https:\/\/oabpocosdecaldas.org.br\/index.php\/wp-json\/wp\/v2\/posts\/8634\/revisions"}],"predecessor-version":[{"id":8636,"href":"https:\/\/oabpocosdecaldas.org.br\/index.php\/wp-json\/wp\/v2\/posts\/8634\/revisions\/8636"}],"wp:featuredmedia":[{"embeddable":true,"href":"https:\/\/oabpocosdecaldas.org.br\/index.php\/wp-json\/wp\/v2\/media\/8635"}],"wp:attachment":[{"href":"https:\/\/oabpocosdecaldas.org.br\/index.php\/wp-json\/wp\/v2\/media?parent=8634"}],"wp:term":[{"taxonomy":"category","embeddable":true,"href":"https:\/\/oabpocosdecaldas.org.br\/index.php\/wp-json\/wp\/v2\/categories?post=8634"},{"taxonomy":"post_tag","embeddable":true,"href":"https:\/\/oabpocosdecaldas.org.br\/index.php\/wp-json\/wp\/v2\/tags?post=8634"}],"curies":[{"name":"wp","href":"https:\/\/api.w.org\/{rel}","templated":true}]}}