{"id":8237,"date":"2026-04-28T10:31:03","date_gmt":"2026-04-28T13:31:03","guid":{"rendered":"https:\/\/oabpocosdecaldas.org.br\/?p=8237"},"modified":"2026-04-28T10:40:33","modified_gmt":"2026-04-28T13:40:33","slug":"pe-q-voa-assessoria-para-corredores-2","status":"publish","type":"post","link":"https:\/\/oabpocosdecaldas.org.br\/index.php\/2026\/04\/28\/pe-q-voa-assessoria-para-corredores-2\/","title":{"rendered":"Imp\u00e9rio Viagens Turismo Ltda"},"content":{"rendered":"\t\t<div data-elementor-type=\"wp-post\" data-elementor-id=\"8237\" class=\"elementor elementor-8237\" data-elementor-post-type=\"post\">\n\t\t\t\t\t\t<section class=\"elementor-section elementor-top-section elementor-element elementor-element-72985267 elementor-section-boxed elementor-section-height-default elementor-section-height-default\" data-id=\"72985267\" data-element_type=\"section\" data-e-type=\"section\">\n\t\t\t\t\t\t<div class=\"elementor-container elementor-column-gap-default\">\n\t\t\t\t\t<div class=\"elementor-column elementor-col-100 elementor-top-column elementor-element elementor-element-30356e7e\" data-id=\"30356e7e\" data-element_type=\"column\" data-e-type=\"column\">\n\t\t\t<div class=\"elementor-widget-wrap elementor-element-populated\">\n\t\t\t\t\t\t<div class=\"elementor-element elementor-element-7c3b1760 elementor-widget elementor-widget-text-editor\" data-id=\"7c3b1760\" data-element_type=\"widget\" data-e-type=\"widget\" data-widget_type=\"text-editor.default\">\n\t\t\t\t<div class=\"elementor-widget-container\">\n\t\t\t\t\t\t\t\t\t<p><img decoding=\"async\" class=\"alignnone\" title=\"Psc Raz\u00e3o Social Viviane de Mello Figueiredo Opipari \u2013 ME (42)\" src=\"https:\/\/oabpocosdecaldas.org.br\/wp-content\/uploads\/elementor\/thumbs\/Psc-Razao-Social-Viviane-de-Mello-Figueiredo-Opipari-ME-42-rkbevjxnmgfoa1p4btd4r7mw7mzocdgdkderv9ml74.jpg\" alt=\"Psc Raz\u00e3o Social Viviane de Mello Figueiredo Opipari - ME (42)\" width=\"200\" height=\"200\" data-wp-editing=\"1\" \/><\/p>\n<p>RAMO: <strong>SERVI\u00c7OS<\/strong><\/p>\n<p>NOME FANTASIA: <strong>IMP\u00c9RIO VIAGENS TURISMO LTDA<\/strong><\/p>\n<p>RAZ\u00c3O SOCIAL: <strong>IMP\u00c9RIO VIAGENS TURISMO LTDA<\/strong><\/p>\n<p>ENDERE\u00c7O: <strong>RUA PREFEITO CHAGAS, NO 317, LOJA 4 &#8211; CENTRO<\/strong><\/p>\n<p>TELEFONE: <strong>(35) 99910-5594<\/strong><\/p>\n<p>INSTAGRAM: <strong>@IMPERIO_TUR<\/strong><\/p>\n<p>\u00a0<\/p>\n<p><!-- \/wp:post-content --><\/p>\n<!-- wp:paragraph -->\n<p>BENEF\u00cdCIOS: <span style=\"font-weight: 400;\">Desconto de 5% (cinco por cento) na contrata\u00e7\u00e3o de pacotes tur\u00edsticos nacionais e <\/span><span style=\"font-weight: 400;\">internacionais, hot\u00e9is, cruzeiros e excurs\u00f5es organizadas pela Imperio Viagens Turismo;<\/span><\/p>\n<ul>\n<li><span style=\"font-weight: 400;\"> Atendimento priorit\u00e1rio e consultoria personalizada, com planejamento completo da <\/span>viagem;<\/li>\n<\/ul>\n<ul>\n<li><span style=\"font-weight: 400;\"> Benef\u00edcios adicionais, sempre que dispon\u00edveis, tais como: <\/span>o upgrades de servi\u00e7os, o condi\u00e7\u00f5es diferenciadas de pagamento, o brindes ou vantagens exclusivas em excurs\u00f5es de grupo.<\/li>\n<\/ul>\n<!-- \/wp:paragraph -->\t\t\t\t\t\t\t\t<\/div>\n\t\t\t\t<\/div>\n\t\t\t\t\t<\/div>\n\t\t<\/div>\n\t\t\t\t\t<\/div>\n\t\t<\/section>\n\t\t\t\t<\/div>\n\t\t","protected":false},"excerpt":{"rendered":"<p>RAMO: SERVI\u00c7OS NOME FANTASIA: IMP\u00c9RIO VIAGENS TURISMO LTDA RAZ\u00c3O SOCIAL: IMP\u00c9RIO VIAGENS TURISMO LTDA ENDERE\u00c7O: RUA PREFEITO CHAGAS, NO 317, LOJA 4 &#8211; CENTRO TELEFONE: (35) 99910-5594 INSTAGRAM: @IMPERIO_TUR BENEF\u00cdCIOS: Desconto de 5% (cinco por cento) na contrata\u00e7\u00e3o de pacotes tur\u00edsticos nacionais e internacionais, hot\u00e9is, cruzeiros e excurs\u00f5es organizadas pela Imperio Viagens Turismo; Atendimento priorit\u00e1rio [&hellip;]<\/p>\n","protected":false},"author":12,"featured_media":8242,"comment_status":"open","ping_status":"open","sticky":false,"template":"","format":"standard","meta":{"footnotes":""},"categories":[29],"tags":[],"class_list":["post-8237","post","type-post","status-publish","format-standard","has-post-thumbnail","hentry","category-servicos"],"_links":{"self":[{"href":"https:\/\/oabpocosdecaldas.org.br\/index.php\/wp-json\/wp\/v2\/posts\/8237","targetHints":{"allow":["GET"]}}],"collection":[{"href":"https:\/\/oabpocosdecaldas.org.br\/index.php\/wp-json\/wp\/v2\/posts"}],"about":[{"href":"https:\/\/oabpocosdecaldas.org.br\/index.php\/wp-json\/wp\/v2\/types\/post"}],"author":[{"embeddable":true,"href":"https:\/\/oabpocosdecaldas.org.br\/index.php\/wp-json\/wp\/v2\/users\/12"}],"replies":[{"embeddable":true,"href":"https:\/\/oabpocosdecaldas.org.br\/index.php\/wp-json\/wp\/v2\/comments?post=8237"}],"version-history":[{"count":4,"href":"https:\/\/oabpocosdecaldas.org.br\/index.php\/wp-json\/wp\/v2\/posts\/8237\/revisions"}],"predecessor-version":[{"id":8243,"href":"https:\/\/oabpocosdecaldas.org.br\/index.php\/wp-json\/wp\/v2\/posts\/8237\/revisions\/8243"}],"wp:featuredmedia":[{"embeddable":true,"href":"https:\/\/oabpocosdecaldas.org.br\/index.php\/wp-json\/wp\/v2\/media\/8242"}],"wp:attachment":[{"href":"https:\/\/oabpocosdecaldas.org.br\/index.php\/wp-json\/wp\/v2\/media?parent=8237"}],"wp:term":[{"taxonomy":"category","embeddable":true,"href":"https:\/\/oabpocosdecaldas.org.br\/index.php\/wp-json\/wp\/v2\/categories?post=8237"},{"taxonomy":"post_tag","embeddable":true,"href":"https:\/\/oabpocosdecaldas.org.br\/index.php\/wp-json\/wp\/v2\/tags?post=8237"}],"curies":[{"name":"wp","href":"https:\/\/api.w.org\/{rel}","templated":true}]}}