{"id":7161,"date":"2025-02-14T11:10:10","date_gmt":"2025-02-14T14:10:10","guid":{"rendered":"https:\/\/oabpocosdecaldas.org.br\/?p=7161"},"modified":"2025-02-14T11:28:38","modified_gmt":"2025-02-14T14:28:38","slug":"escola-lumiar","status":"publish","type":"post","link":"https:\/\/oabpocosdecaldas.org.br\/index.php\/2025\/02\/14\/escola-lumiar\/","title":{"rendered":"\u00d3tica Flis"},"content":{"rendered":"\t\t<div data-elementor-type=\"wp-post\" data-elementor-id=\"7161\" class=\"elementor elementor-7161\" data-elementor-post-type=\"post\">\n\t\t\t\t\t\t<section class=\"elementor-section elementor-top-section elementor-element elementor-element-f38b191 elementor-section-boxed elementor-section-height-default elementor-section-height-default\" data-id=\"f38b191\" data-element_type=\"section\" data-e-type=\"section\">\n\t\t\t\t\t\t<div class=\"elementor-container elementor-column-gap-default\">\n\t\t\t\t\t<div class=\"elementor-column elementor-col-100 elementor-top-column elementor-element elementor-element-2827eb8b\" data-id=\"2827eb8b\" data-element_type=\"column\" data-e-type=\"column\">\n\t\t\t<div class=\"elementor-widget-wrap elementor-element-populated\">\n\t\t\t\t\t\t<section class=\"elementor-section elementor-inner-section elementor-element elementor-element-02d6f8d elementor-section-boxed elementor-section-height-default elementor-section-height-default\" data-id=\"02d6f8d\" data-element_type=\"section\" data-e-type=\"section\">\n\t\t\t\t\t\t<div class=\"elementor-container elementor-column-gap-default\">\n\t\t\t\t\t<div class=\"elementor-column elementor-col-50 elementor-inner-column elementor-element elementor-element-55e6448\" data-id=\"55e6448\" data-element_type=\"column\" data-e-type=\"column\">\n\t\t\t<div class=\"elementor-widget-wrap elementor-element-populated\">\n\t\t\t\t\t\t<div class=\"elementor-element elementor-element-fab088f elementor-widget elementor-widget-image\" data-id=\"fab088f\" data-element_type=\"widget\" data-e-type=\"widget\" data-widget_type=\"image.default\">\n\t\t\t\t<div class=\"elementor-widget-container\">\n\t\t\t\t\t\t\t\t\t\t\t\t\t\t\t<img decoding=\"async\" src=\"https:\/\/oabpocosdecaldas.org.br\/wp-content\/uploads\/elementor\/thumbs\/Design-sem-nome-r1hwp44lnn1ybz51twtjzo7nuw4l3myedzznnnu28g.png\" title=\"Design sem nome\" alt=\"Design sem nome\" loading=\"lazy\" \/>\t\t\t\t\t\t\t\t\t\t\t\t\t\t\t<\/div>\n\t\t\t\t<\/div>\n\t\t\t\t\t<\/div>\n\t\t<\/div>\n\t\t\t\t<div class=\"elementor-column elementor-col-50 elementor-inner-column elementor-element elementor-element-bc60a5d\" data-id=\"bc60a5d\" data-element_type=\"column\" data-e-type=\"column\">\n\t\t\t<div class=\"elementor-widget-wrap elementor-element-populated\">\n\t\t\t\t\t\t<div class=\"elementor-element elementor-element-7cfcf6c elementor-widget elementor-widget-text-editor\" data-id=\"7cfcf6c\" data-element_type=\"widget\" data-e-type=\"widget\" data-widget_type=\"text-editor.default\">\n\t\t\t\t<div class=\"elementor-widget-container\">\n\t\t\t\t\t\t\t\t\t<p>RAMO:\u00a0 <strong>\u00d3TICA<\/strong><\/p><p>NOME FANTASIA: <strong>\u00d3TICA FLIS<\/strong><br \/>RAZ\u00c3O SOCIAL: <strong>\u00a051304469 LUANA MOREIRA BARBOSA\u00a0 \u00a0 \u00a0 \u00a0 \u00a0 \u00a0 \u00a0 \u00a0 \u00a0 \u00a0 \u00a0 \u00a0 \u00a0 \u00a0 \u00a0 \u00a0 \u00a0 \u00a0 \u00a0 \u00a0 \u00a0 \u00a0 \u00a0\u00a0<\/strong><\/p><p>ENDERE\u00c7O: <strong>RUA JUNQUEIRAS, 406- CENTRO<\/strong><br \/>ENDERE\u00c7O ELETR\u00d4NICO: <strong>@OTICAFLIS (INSTAGRAM)<\/strong><br \/>TELEFONE: <strong>(35) 98711-3173<\/strong><\/p><p><!-- \/wp:paragraph --><\/p>\t\t\t\t\t\t\t\t<\/div>\n\t\t\t\t<\/div>\n\t\t\t\t\t<\/div>\n\t\t<\/div>\n\t\t\t\t\t<\/div>\n\t\t<\/section>\n\t\t\t\t<div class=\"elementor-element elementor-element-69d4e5d elementor-widget elementor-widget-text-editor\" data-id=\"69d4e5d\" data-element_type=\"widget\" data-e-type=\"widget\" data-widget_type=\"text-editor.default\">\n\t\t\t\t<div class=\"elementor-widget-container\">\n\t\t\t\t\t\t\t\t\t<p>BENEFICIO: <strong>Desconto para pagamentos em dinheiro, PIX ou em at\u00e9 6x no cart\u00e3o credito de 20 % em lentes para \u00f3culos, 15% em arma\u00e7\u00f5es e solares e 10% em lentes de contato, sobre os pre\u00e7os praticados para o p\u00fablico em geral.<\/strong><\/p><p><strong>\u00a0\u00a0<\/strong><\/p><p><!-- \/wp:paragraph --><\/p>\t\t\t\t\t\t\t\t<\/div>\n\t\t\t\t<\/div>\n\t\t\t\t\t<\/div>\n\t\t<\/div>\n\t\t\t\t\t<\/div>\n\t\t<\/section>\n\t\t\t\t<\/div>\n\t\t","protected":false},"excerpt":{"rendered":"<p>RAMO:\u00a0 \u00d3TICA NOME FANTASIA: \u00d3TICA FLISRAZ\u00c3O SOCIAL: \u00a051304469 LUANA MOREIRA BARBOSA\u00a0 \u00a0 \u00a0 \u00a0 \u00a0 \u00a0 \u00a0 \u00a0 \u00a0 \u00a0 \u00a0 \u00a0 \u00a0 \u00a0 \u00a0 \u00a0 \u00a0 \u00a0 \u00a0 \u00a0 \u00a0 \u00a0 \u00a0\u00a0 ENDERE\u00c7O: RUA JUNQUEIRAS, 406- CENTROENDERE\u00c7O ELETR\u00d4NICO: @OTICAFLIS (INSTAGRAM)TELEFONE: (35) 98711-3173 BENEFICIO: Desconto para pagamentos em dinheiro, PIX ou em at\u00e9 6x no [&hellip;]<\/p>\n","protected":false},"author":11,"featured_media":7157,"comment_status":"open","ping_status":"open","sticky":false,"template":"","format":"standard","meta":{"footnotes":""},"categories":[19],"tags":[],"class_list":["post-7161","post","type-post","status-publish","format-standard","has-post-thumbnail","hentry","category-otica"],"_links":{"self":[{"href":"https:\/\/oabpocosdecaldas.org.br\/index.php\/wp-json\/wp\/v2\/posts\/7161","targetHints":{"allow":["GET"]}}],"collection":[{"href":"https:\/\/oabpocosdecaldas.org.br\/index.php\/wp-json\/wp\/v2\/posts"}],"about":[{"href":"https:\/\/oabpocosdecaldas.org.br\/index.php\/wp-json\/wp\/v2\/types\/post"}],"author":[{"embeddable":true,"href":"https:\/\/oabpocosdecaldas.org.br\/index.php\/wp-json\/wp\/v2\/users\/11"}],"replies":[{"embeddable":true,"href":"https:\/\/oabpocosdecaldas.org.br\/index.php\/wp-json\/wp\/v2\/comments?post=7161"}],"version-history":[{"count":7,"href":"https:\/\/oabpocosdecaldas.org.br\/index.php\/wp-json\/wp\/v2\/posts\/7161\/revisions"}],"predecessor-version":[{"id":7170,"href":"https:\/\/oabpocosdecaldas.org.br\/index.php\/wp-json\/wp\/v2\/posts\/7161\/revisions\/7170"}],"wp:featuredmedia":[{"embeddable":true,"href":"https:\/\/oabpocosdecaldas.org.br\/index.php\/wp-json\/wp\/v2\/media\/7157"}],"wp:attachment":[{"href":"https:\/\/oabpocosdecaldas.org.br\/index.php\/wp-json\/wp\/v2\/media?parent=7161"}],"wp:term":[{"taxonomy":"category","embeddable":true,"href":"https:\/\/oabpocosdecaldas.org.br\/index.php\/wp-json\/wp\/v2\/categories?post=7161"},{"taxonomy":"post_tag","embeddable":true,"href":"https:\/\/oabpocosdecaldas.org.br\/index.php\/wp-json\/wp\/v2\/tags?post=7161"}],"curies":[{"name":"wp","href":"https:\/\/api.w.org\/{rel}","templated":true}]}}